{"id":1112,"date":"2019-06-20T14:56:21","date_gmt":"2019-06-20T14:56:21","guid":{"rendered":"https:\/\/www.gemeinde-rossau.de\/?p=1112"},"modified":"2019-06-20T14:56:22","modified_gmt":"2019-06-20T14:56:22","slug":"bildungs-und-teilhabepaket","status":"publish","type":"post","link":"https:\/\/www.gemeinde-rossau.de\/index.php\/2019\/06\/20\/bildungs-und-teilhabepaket\/","title":{"rendered":"Bildungs- und Teilhabepaket"},"content":{"rendered":"\n<p class=\"has-drop-cap\"> Liebe Eltern,<br> <br>Bundestag und Bundesrat haben im Februar 2011 die Hartz-IV-Reform  beschlossen. Ab 2011 werden bei anspruchsberechtigten Kindern,  Jugendlichen und jungen Erwachsenen neben ihrem monatlichen Regelbedarf  auch Leistungen f\u00fcr Bildung und Teilhabe am sozialen und kulturellen  Leben in der Gemeinschaft ber\u00fccksichtigt. Es erm\u00f6glicht den Kindern,  mitzumachen, gemeinsam mit Gleichaltrigen nach der Schule Sport zu  treiben, zu musizieren, an der Schulspeisung teilzunehmen und gezielt  Unterst\u00fctzung durch Lernf\u00f6rderung zu bekommen, wenn die Versetzung  gef\u00e4hrdet ist.<br> Die Leistungen des Bildungs- und Teilhabepaketes umfassen konkret:<\/p>\n\n\n\n<ul><li>\n\t\tSchulausfl\u00fcge und mehrt\u00e4gige Klassenfahrten<\/li><li>\n\t\tpers\u00f6nlicher Schulbedarf, gilt ab dem Schuljahr 2011\/2012<\/li><li>\n\t\tAufwendungen f\u00fcr Sch\u00fclerbef\u00f6rderung<\/li><li>\n\t\tLernf\u00f6rderung<\/li><li>\n\t\tgemeinschaftliche Mittagsverpflegung in Schulen, Kitas und in der Kindertagespflege<\/li><li>\n\t\tsoziokulturelle Teilhabe am Leben in der Gemeinschaft<\/li><\/ul>\n\n\n\n<p>\n\tBeantragt werden k\u00f6nnen die Leistungen f\u00fcr Anspruchsberechtigte nach dem SGB II beim:<\/p>\n\n\n\n<ul><li>\n\t\tKommunalen Jobcenter\/AfAB D\u00f6beln, Burgstra\u00dfe 34 in 04720 D\u00f6beln<\/li><li>\n\t\tJobcenter Freiberg\/Mittweida, Chemnitzer Stra\u00dfe 8, 09599 Freiberg<\/li><li>\n\t\tLandratsamt Mittelsachsen (Sozialamt), Am Landratsamt 3 in 09648 Mittweida<\/li><\/ul>\n\n\n\n<p>\n\tf\u00fcr Anspruchberechtigte nach dem SGB XII beim:<\/p>\n\n\n\n<ul><li>\n\t\tLRA Mittelsachsen, Abt. Soziales, Am Landratsamt 3, 09648 Mittweida<\/li><\/ul>\n\n\n\n<p>\n\tf\u00fcr Kinder im Wohngeldbezug bzw. mit Kinderzuschlag nach dem BKGG beim:<\/p>\n\n\n\n<ul><li>\n\t\tLRA Mittelsachsen, Abt. Soziales, Am Landratsamt 3, 09648 Mittweida<\/li><\/ul>\n\n\n\n<p>\n\tf\u00fcr anspruchberechtigte Kinder nach \u00a7 2 AsylbLG beim:<\/p>\n\n\n\n<ul><li>\n\t\tLRA Mittelsachsen, Abt. Ordnung und Sicherheit, Frauensteiner Str. 43, 09599 Freiberg<\/li><\/ul>\n\n\n\n<p>\n\tF\u00fcr die Anspruchsvoraussetzung jeder einzelnen Leistungsart sind \ngeeignete Nachweise zu erbringen. Antr\u00e4ge sind bei den vorgenannten \nStellen auch \u00fcber das Internet und in unserer Gemeindeverwaltung, bei \nFrau Annett M\u00fcller oder Frau Marion Hahn erh\u00e4ltlich. Beide \nMitarbeiterinnen sind Ihnen, auf Wunsch, gerne bei der Antragstellung \nbehilflich. Mir pers\u00f6nlich ist viel daran gelegen, dass alle Kinder \nunserer Gemeinde am sozialen und kulturellen Leben in der Gemeinschaft \nteilhaben k\u00f6nnen. Daher bitte ich Sie eindringlich, die&nbsp;bestehenden \nAngebote in Anspruch zu nehmen.<br>\n\t<br>\n\tIhr Dietmar Gottwald<br>\n\tB\u00fcrgermeister<\/p>\n","protected":false},"excerpt":{"rendered":"<p>Liebe Eltern, Bundestag und Bundesrat haben im Februar 2011 die Hartz-IV-Reform beschlossen. Ab 2011 werden bei anspruchsberechtigten Kindern, Jugendlichen und jungen Erwachsenen neben ihrem monatlichen Regelbedarf auch Leistungen f\u00fcr Bildung und Teilhabe am sozialen und kulturellen Leben in der Gemeinschaft ber\u00fccksichtigt. Es erm\u00f6glicht den Kindern, mitzumachen, gemeinsam mit Gleichaltrigen nach der Schule Sport zu treiben, [&hellip;]<\/p>\n","protected":false},"author":1,"featured_media":1105,"comment_status":"closed","ping_status":"closed","sticky":false,"template":"","format":"standard","meta":{"_expiration-date-status":"","_expiration-date":0,"_expiration-date-type":"","_expiration-date-categories":[],"_expiration-date-options":[],"_links_to":"","_links_to_target":""},"categories":[49],"tags":[],"acf":[],"yoast_head":"<!-- This site is optimized with the Yoast SEO plugin v19.13 - https:\/\/yoast.com\/wordpress\/plugins\/seo\/ -->\n<title>Bildungs- und Teilhabepaket | Gemeindeverwaltung Rossau<\/title>\n<meta name=\"robots\" content=\"index, follow, max-snippet:-1, max-image-preview:large, max-video-preview:-1\" \/>\n<link rel=\"canonical\" href=\"https:\/\/www.gemeinde-rossau.de\/index.php\/2019\/06\/20\/bildungs-und-teilhabepaket\/\" \/>\n<meta property=\"og:locale\" content=\"de_DE\" \/>\n<meta property=\"og:type\" content=\"article\" \/>\n<meta property=\"og:title\" content=\"Bildungs- und Teilhabepaket | Gemeindeverwaltung Rossau\" \/>\n<meta property=\"og:description\" content=\"Liebe Eltern, Bundestag und Bundesrat haben im Februar 2011 die Hartz-IV-Reform beschlossen. Ab 2011 werden bei anspruchsberechtigten Kindern, Jugendlichen und jungen Erwachsenen neben ihrem monatlichen Regelbedarf auch Leistungen f\u00fcr Bildung und Teilhabe am sozialen und kulturellen Leben in der Gemeinschaft ber\u00fccksichtigt. Es erm\u00f6glicht den Kindern, mitzumachen, gemeinsam mit Gleichaltrigen nach der Schule Sport zu treiben, [&hellip;]\" \/>\n<meta property=\"og:url\" content=\"https:\/\/www.gemeinde-rossau.de\/index.php\/2019\/06\/20\/bildungs-und-teilhabepaket\/\" \/>\n<meta property=\"og:site_name\" content=\"Gemeindeverwaltung Rossau\" \/>\n<meta property=\"article:published_time\" content=\"2019-06-20T14:56:21+00:00\" \/>\n<meta property=\"article:modified_time\" content=\"2019-06-20T14:56:22+00:00\" \/>\n<meta property=\"og:image\" content=\"https:\/\/www.gemeinde-rossau.de\/wp-content\/uploads\/2019\/06\/bg-standart.jpg\" \/>\n\t<meta property=\"og:image:width\" content=\"1200\" \/>\n\t<meta property=\"og:image:height\" content=\"675\" \/>\n\t<meta property=\"og:image:type\" content=\"image\/jpeg\" \/>\n<meta name=\"author\" content=\"admin\" \/>\n<meta name=\"twitter:card\" content=\"summary_large_image\" \/>\n<meta name=\"twitter:label1\" content=\"Geschrieben von\" \/>\n\t<meta name=\"twitter:data1\" content=\"admin\" \/>\n\t<meta name=\"twitter:label2\" content=\"Gesch\u00e4tzte Lesezeit\" \/>\n\t<meta name=\"twitter:data2\" content=\"2\u00a0Minuten\" \/>\n<script type=\"application\/ld+json\" class=\"yoast-schema-graph\">{\"@context\":\"https:\/\/schema.org\",\"@graph\":[{\"@type\":\"Article\",\"@id\":\"https:\/\/www.gemeinde-rossau.de\/index.php\/2019\/06\/20\/bildungs-und-teilhabepaket\/#article\",\"isPartOf\":{\"@id\":\"https:\/\/www.gemeinde-rossau.de\/index.php\/2019\/06\/20\/bildungs-und-teilhabepaket\/\"},\"author\":{\"name\":\"admin\",\"@id\":\"https:\/\/www.gemeinde-rossau.de\/#\/schema\/person\/e9bb03eb79d74d64d18b5f11e207d619\"},\"headline\":\"Bildungs- und Teilhabepaket\",\"datePublished\":\"2019-06-20T14:56:21+00:00\",\"dateModified\":\"2019-06-20T14:56:22+00:00\",\"mainEntityOfPage\":{\"@id\":\"https:\/\/www.gemeinde-rossau.de\/index.php\/2019\/06\/20\/bildungs-und-teilhabepaket\/\"},\"wordCount\":303,\"publisher\":{\"@id\":\"https:\/\/www.gemeinde-rossau.de\/#organization\"},\"articleSection\":[\"INFOS\"],\"inLanguage\":\"de\"},{\"@type\":\"WebPage\",\"@id\":\"https:\/\/www.gemeinde-rossau.de\/index.php\/2019\/06\/20\/bildungs-und-teilhabepaket\/\",\"url\":\"https:\/\/www.gemeinde-rossau.de\/index.php\/2019\/06\/20\/bildungs-und-teilhabepaket\/\",\"name\":\"Bildungs- und Teilhabepaket | Gemeindeverwaltung Rossau\",\"isPartOf\":{\"@id\":\"https:\/\/www.gemeinde-rossau.de\/#website\"},\"datePublished\":\"2019-06-20T14:56:21+00:00\",\"dateModified\":\"2019-06-20T14:56:22+00:00\",\"breadcrumb\":{\"@id\":\"https:\/\/www.gemeinde-rossau.de\/index.php\/2019\/06\/20\/bildungs-und-teilhabepaket\/#breadcrumb\"},\"inLanguage\":\"de\",\"potentialAction\":[{\"@type\":\"ReadAction\",\"target\":[\"https:\/\/www.gemeinde-rossau.de\/index.php\/2019\/06\/20\/bildungs-und-teilhabepaket\/\"]}]},{\"@type\":\"BreadcrumbList\",\"@id\":\"https:\/\/www.gemeinde-rossau.de\/index.php\/2019\/06\/20\/bildungs-und-teilhabepaket\/#breadcrumb\",\"itemListElement\":[{\"@type\":\"ListItem\",\"position\":1,\"name\":\"Home\",\"item\":\"https:\/\/www.gemeinde-rossau.de\/\"},{\"@type\":\"ListItem\",\"position\":2,\"name\":\"Bildungs- und Teilhabepaket\"}]},{\"@type\":\"WebSite\",\"@id\":\"https:\/\/www.gemeinde-rossau.de\/#website\",\"url\":\"https:\/\/www.gemeinde-rossau.de\/\",\"name\":\"Gemeindeverwaltung Rossau\",\"description\":\"Gemeindeverwaltung Rossau\",\"publisher\":{\"@id\":\"https:\/\/www.gemeinde-rossau.de\/#organization\"},\"potentialAction\":[{\"@type\":\"SearchAction\",\"target\":{\"@type\":\"EntryPoint\",\"urlTemplate\":\"https:\/\/www.gemeinde-rossau.de\/?s={search_term_string}\"},\"query-input\":\"required name=search_term_string\"}],\"inLanguage\":\"de\"},{\"@type\":\"Organization\",\"@id\":\"https:\/\/www.gemeinde-rossau.de\/#organization\",\"name\":\"Gemeindeverwaltung Rossau\",\"url\":\"https:\/\/www.gemeinde-rossau.de\/\",\"logo\":{\"@type\":\"ImageObject\",\"inLanguage\":\"de\",\"@id\":\"https:\/\/www.gemeinde-rossau.de\/#\/schema\/logo\/image\/\",\"url\":\"https:\/\/www.gemeinde-rossau.de\/wp-content\/uploads\/2019\/06\/Rossau_Navigation-e1574972262765.png\",\"contentUrl\":\"https:\/\/www.gemeinde-rossau.de\/wp-content\/uploads\/2019\/06\/Rossau_Navigation-e1574972262765.png\",\"width\":76,\"height\":100,\"caption\":\"Gemeindeverwaltung Rossau\"},\"image\":{\"@id\":\"https:\/\/www.gemeinde-rossau.de\/#\/schema\/logo\/image\/\"}},{\"@type\":\"Person\",\"@id\":\"https:\/\/www.gemeinde-rossau.de\/#\/schema\/person\/e9bb03eb79d74d64d18b5f11e207d619\",\"name\":\"admin\",\"image\":{\"@type\":\"ImageObject\",\"inLanguage\":\"de\",\"@id\":\"https:\/\/www.gemeinde-rossau.de\/#\/schema\/person\/image\/\",\"url\":\"https:\/\/secure.gravatar.com\/avatar\/a4d2e4ff7259316af8494d7e0b058a5e?s=96&d=mm&r=g\",\"contentUrl\":\"https:\/\/secure.gravatar.com\/avatar\/a4d2e4ff7259316af8494d7e0b058a5e?s=96&d=mm&r=g\",\"caption\":\"admin\"},\"url\":\"https:\/\/www.gemeinde-rossau.de\/index.php\/author\/root_pxb313u5\/\"}]}<\/script>\n<!-- \/ Yoast SEO plugin. -->","yoast_head_json":{"title":"Bildungs- und Teilhabepaket | Gemeindeverwaltung Rossau","robots":{"index":"index","follow":"follow","max-snippet":"max-snippet:-1","max-image-preview":"max-image-preview:large","max-video-preview":"max-video-preview:-1"},"canonical":"https:\/\/www.gemeinde-rossau.de\/index.php\/2019\/06\/20\/bildungs-und-teilhabepaket\/","og_locale":"de_DE","og_type":"article","og_title":"Bildungs- und Teilhabepaket | Gemeindeverwaltung Rossau","og_description":"Liebe Eltern, Bundestag und Bundesrat haben im Februar 2011 die Hartz-IV-Reform beschlossen. Ab 2011 werden bei anspruchsberechtigten Kindern, Jugendlichen und jungen Erwachsenen neben ihrem monatlichen Regelbedarf auch Leistungen f\u00fcr Bildung und Teilhabe am sozialen und kulturellen Leben in der Gemeinschaft ber\u00fccksichtigt. Es erm\u00f6glicht den Kindern, mitzumachen, gemeinsam mit Gleichaltrigen nach der Schule Sport zu treiben, [&hellip;]","og_url":"https:\/\/www.gemeinde-rossau.de\/index.php\/2019\/06\/20\/bildungs-und-teilhabepaket\/","og_site_name":"Gemeindeverwaltung Rossau","article_published_time":"2019-06-20T14:56:21+00:00","article_modified_time":"2019-06-20T14:56:22+00:00","og_image":[{"width":1200,"height":675,"url":"https:\/\/www.gemeinde-rossau.de\/wp-content\/uploads\/2019\/06\/bg-standart.jpg","type":"image\/jpeg"}],"author":"admin","twitter_card":"summary_large_image","twitter_misc":{"Geschrieben von":"admin","Gesch\u00e4tzte Lesezeit":"2\u00a0Minuten"},"schema":{"@context":"https:\/\/schema.org","@graph":[{"@type":"Article","@id":"https:\/\/www.gemeinde-rossau.de\/index.php\/2019\/06\/20\/bildungs-und-teilhabepaket\/#article","isPartOf":{"@id":"https:\/\/www.gemeinde-rossau.de\/index.php\/2019\/06\/20\/bildungs-und-teilhabepaket\/"},"author":{"name":"admin","@id":"https:\/\/www.gemeinde-rossau.de\/#\/schema\/person\/e9bb03eb79d74d64d18b5f11e207d619"},"headline":"Bildungs- und Teilhabepaket","datePublished":"2019-06-20T14:56:21+00:00","dateModified":"2019-06-20T14:56:22+00:00","mainEntityOfPage":{"@id":"https:\/\/www.gemeinde-rossau.de\/index.php\/2019\/06\/20\/bildungs-und-teilhabepaket\/"},"wordCount":303,"publisher":{"@id":"https:\/\/www.gemeinde-rossau.de\/#organization"},"articleSection":["INFOS"],"inLanguage":"de"},{"@type":"WebPage","@id":"https:\/\/www.gemeinde-rossau.de\/index.php\/2019\/06\/20\/bildungs-und-teilhabepaket\/","url":"https:\/\/www.gemeinde-rossau.de\/index.php\/2019\/06\/20\/bildungs-und-teilhabepaket\/","name":"Bildungs- und Teilhabepaket | Gemeindeverwaltung Rossau","isPartOf":{"@id":"https:\/\/www.gemeinde-rossau.de\/#website"},"datePublished":"2019-06-20T14:56:21+00:00","dateModified":"2019-06-20T14:56:22+00:00","breadcrumb":{"@id":"https:\/\/www.gemeinde-rossau.de\/index.php\/2019\/06\/20\/bildungs-und-teilhabepaket\/#breadcrumb"},"inLanguage":"de","potentialAction":[{"@type":"ReadAction","target":["https:\/\/www.gemeinde-rossau.de\/index.php\/2019\/06\/20\/bildungs-und-teilhabepaket\/"]}]},{"@type":"BreadcrumbList","@id":"https:\/\/www.gemeinde-rossau.de\/index.php\/2019\/06\/20\/bildungs-und-teilhabepaket\/#breadcrumb","itemListElement":[{"@type":"ListItem","position":1,"name":"Home","item":"https:\/\/www.gemeinde-rossau.de\/"},{"@type":"ListItem","position":2,"name":"Bildungs- und Teilhabepaket"}]},{"@type":"WebSite","@id":"https:\/\/www.gemeinde-rossau.de\/#website","url":"https:\/\/www.gemeinde-rossau.de\/","name":"Gemeindeverwaltung Rossau","description":"Gemeindeverwaltung Rossau","publisher":{"@id":"https:\/\/www.gemeinde-rossau.de\/#organization"},"potentialAction":[{"@type":"SearchAction","target":{"@type":"EntryPoint","urlTemplate":"https:\/\/www.gemeinde-rossau.de\/?s={search_term_string}"},"query-input":"required name=search_term_string"}],"inLanguage":"de"},{"@type":"Organization","@id":"https:\/\/www.gemeinde-rossau.de\/#organization","name":"Gemeindeverwaltung Rossau","url":"https:\/\/www.gemeinde-rossau.de\/","logo":{"@type":"ImageObject","inLanguage":"de","@id":"https:\/\/www.gemeinde-rossau.de\/#\/schema\/logo\/image\/","url":"https:\/\/www.gemeinde-rossau.de\/wp-content\/uploads\/2019\/06\/Rossau_Navigation-e1574972262765.png","contentUrl":"https:\/\/www.gemeinde-rossau.de\/wp-content\/uploads\/2019\/06\/Rossau_Navigation-e1574972262765.png","width":76,"height":100,"caption":"Gemeindeverwaltung Rossau"},"image":{"@id":"https:\/\/www.gemeinde-rossau.de\/#\/schema\/logo\/image\/"}},{"@type":"Person","@id":"https:\/\/www.gemeinde-rossau.de\/#\/schema\/person\/e9bb03eb79d74d64d18b5f11e207d619","name":"admin","image":{"@type":"ImageObject","inLanguage":"de","@id":"https:\/\/www.gemeinde-rossau.de\/#\/schema\/person\/image\/","url":"https:\/\/secure.gravatar.com\/avatar\/a4d2e4ff7259316af8494d7e0b058a5e?s=96&d=mm&r=g","contentUrl":"https:\/\/secure.gravatar.com\/avatar\/a4d2e4ff7259316af8494d7e0b058a5e?s=96&d=mm&r=g","caption":"admin"},"url":"https:\/\/www.gemeinde-rossau.de\/index.php\/author\/root_pxb313u5\/"}]}},"jetpack_featured_media_url":"https:\/\/www.gemeinde-rossau.de\/wp-content\/uploads\/2019\/06\/bg-standart.jpg","_links":{"self":[{"href":"https:\/\/www.gemeinde-rossau.de\/index.php\/wp-json\/wp\/v2\/posts\/1112"}],"collection":[{"href":"https:\/\/www.gemeinde-rossau.de\/index.php\/wp-json\/wp\/v2\/posts"}],"about":[{"href":"https:\/\/www.gemeinde-rossau.de\/index.php\/wp-json\/wp\/v2\/types\/post"}],"author":[{"embeddable":true,"href":"https:\/\/www.gemeinde-rossau.de\/index.php\/wp-json\/wp\/v2\/users\/1"}],"replies":[{"embeddable":true,"href":"https:\/\/www.gemeinde-rossau.de\/index.php\/wp-json\/wp\/v2\/comments?post=1112"}],"version-history":[{"count":1,"href":"https:\/\/www.gemeinde-rossau.de\/index.php\/wp-json\/wp\/v2\/posts\/1112\/revisions"}],"predecessor-version":[{"id":1113,"href":"https:\/\/www.gemeinde-rossau.de\/index.php\/wp-json\/wp\/v2\/posts\/1112\/revisions\/1113"}],"wp:featuredmedia":[{"embeddable":true,"href":"https:\/\/www.gemeinde-rossau.de\/index.php\/wp-json\/wp\/v2\/media\/1105"}],"wp:attachment":[{"href":"https:\/\/www.gemeinde-rossau.de\/index.php\/wp-json\/wp\/v2\/media?parent=1112"}],"wp:term":[{"taxonomy":"category","embeddable":true,"href":"https:\/\/www.gemeinde-rossau.de\/index.php\/wp-json\/wp\/v2\/categories?post=1112"},{"taxonomy":"post_tag","embeddable":true,"href":"https:\/\/www.gemeinde-rossau.de\/index.php\/wp-json\/wp\/v2\/tags?post=1112"}],"curies":[{"name":"wp","href":"https:\/\/api.w.org\/{rel}","templated":true}]}}